{"id":701,"date":"2011-02-23T16:38:00","date_gmt":"2011-02-23T14:38:00","guid":{"rendered":"\/?p=701"},"modified":"2025-10-13T13:15:29","modified_gmt":"2025-10-13T11:15:29","slug":"nichts-reimt-sich-auf-uschi","status":"publish","type":"post","link":"https:\/\/avantcore.de\/en\/nichts-reimt-sich-auf-uschi\/","title":{"rendered":"&#8220;Nichts reimt sich auf Uschi&#8221;?"},"content":{"rendered":"<p><strong>Dieser Slogan wurde f\u00fcr Mario Barth am 26.01.2011 beim Deutschen Patent- und Markenamt (DPMA) in der Leitklasse 25 (Textilien) als Marke eingetragen. Unterdessen l\u00e4sst der bekannte Komiker T-Shirt Produzenten wegen Wettbewerbsversto\u00dfes abmahnen, weil sie \u201eNichts reimt sich auf Uschi\u201c auf Textilien gedruckt und vertrieben haben. Problematisch ist allerdings, dass dieser Spruch \u00fcberhaupt nicht von dem bekannten Komiker zu stammen scheint.<\/strong><\/p>\n<p><!--more-->Mario Barth trug fr\u00fcher w\u00e4hrend seiner B\u00fchnenshow ein mit dem Satz \u201eNichts reimt sich auf Uschi\u201c bedrucktes T-Shirt in verschiedenen Ausf\u00fchrungen. Nach seiner Auffassung scheint dieser Satz so etwas wie sein Markenzeichen geworden zu sein. Er m\u00f6chte nun anderen verbieten diesen Satz wirtschaftlich zu verwenden. Aus diesem Grund hat er diesen <a title=\"DPMA Registereintragung &quot;Nichts reimt sich auf Uschi&quot;\" href=\"https:\/\/register.dpma.de\/DPMAregister\/marke\/register\/3020100708204\/DE\" target=\"_blank\" rel=\"noopener\">Slogan als Marke eintragen lassen<\/a>. Der eigentliche \u201eUrheber\u201c des Spruches, \u201eRadio ffn\u201c aus Hannover hat nun nach eigener Aussage L\u00f6schantrag\u00a0beim DPMA gestellt. Das Markenamt wird nun die Frage entscheiden m\u00fcssen, ob der Spruch um Uschi freihaltebed\u00fcrftig ist oder eingetragen werden kann.<\/p>\n<p>Unabh\u00e4ngig von der markenrechtlichen Situation stellt sich f\u00fcr den wettbewerbsrechtlich abgemahnten T-Shirt Hersteller die Frage, ob der Slogan tats\u00e4chlich wettbewerbsrechtliche Eigenart besitzt, Verbraucher also diesen Spruch immer mit Mario Barth in Verbindung bringen. F\u00fcr das Land Niedersachsen wird man das wohl verneinen m\u00fcssen.<\/p>\n<p><b>Conclusion<br \/>\n<\/b>Sollte die von Mario Barth eingetragenen Marke \u201eNichts reimt sich auf Uschi\u201c bestand haben und nicht gel\u00f6scht werden k\u00f6nnen, k\u00f6nnte der Komiker in Deutschland tats\u00e4chlich Dritten verbieten, diesen 20 Jahre alten Spruch unter anderem auf Textilien drucken zu lassen, obwohl der Slogan nachweislich nicht von Ihm stammt. Unterlassungsanspr\u00fcche des Komikers aus wettbewerbsrechtlichen Gesichtspunkten bestehen wahrscheinlich nicht. Es bleibt also spannend!<\/p>","protected":false},"excerpt":{"rendered":"<p>Dieser Slogan wurde f\u00fcr Mario Barth am 26.01.2011 beim Deutschen Patent- und Markenamt (DPMA) in der Leitklasse 25 (Textilien) als Marke eingetragen. Unterdessen l\u00e4sst der bekannte Komiker T-Shirt Produzenten wegen Wettbewerbsversto\u00dfes abmahnen, weil sie \u201eNichts reimt sich auf Uschi\u201c auf Textilien gedruckt und vertrieben haben. Problematisch ist allerdings, dass dieser Spruch \u00fcberhaupt nicht von dem [&hellip;]<\/p>","protected":false},"author":2,"featured_media":24106,"comment_status":"closed","ping_status":"closed","sticky":false,"template":"single-custom-blog.php","format":"standard","meta":{"footnotes":""},"categories":[3049],"tags":[147,148,64],"ppma_author":[3074],"class_list":["post-701","post","type-post","status-publish","format-standard","has-post-thumbnail","hentry","category-allgemein","tag-boesglaeubige-markenanmeldung","tag-markenanmeldung","tag-wettbewerbliche-eigenart"],"authors":[{"term_id":3074,"user_id":2,"is_guest":0,"slug":"christopher","display_name":"Christopher A. Wolf, MBA","avatar_url":"https:\/\/secure.gravatar.com\/avatar\/d77b27aefd4397c799a733f749d595a8fcc78bb7c7d693f68096bc2bfc958647?s=96&d=mm&r=g","first_name":"Christopher A.","last_name":"Wolf, MBA","user_url":"","description":""}],"_links":{"self":[{"href":"https:\/\/avantcore.de\/en\/wp-json\/wp\/v2\/posts\/701","targetHints":{"allow":["GET"]}}],"collection":[{"href":"https:\/\/avantcore.de\/en\/wp-json\/wp\/v2\/posts"}],"about":[{"href":"https:\/\/avantcore.de\/en\/wp-json\/wp\/v2\/types\/post"}],"author":[{"embeddable":true,"href":"https:\/\/avantcore.de\/en\/wp-json\/wp\/v2\/users\/2"}],"replies":[{"embeddable":true,"href":"https:\/\/avantcore.de\/en\/wp-json\/wp\/v2\/comments?post=701"}],"version-history":[{"count":0,"href":"https:\/\/avantcore.de\/en\/wp-json\/wp\/v2\/posts\/701\/revisions"}],"wp:featuredmedia":[{"embeddable":true,"href":"https:\/\/avantcore.de\/en\/wp-json\/wp\/v2\/media\/24106"}],"wp:attachment":[{"href":"https:\/\/avantcore.de\/en\/wp-json\/wp\/v2\/media?parent=701"}],"wp:term":[{"taxonomy":"category","embeddable":true,"href":"https:\/\/avantcore.de\/en\/wp-json\/wp\/v2\/categories?post=701"},{"taxonomy":"post_tag","embeddable":true,"href":"https:\/\/avantcore.de\/en\/wp-json\/wp\/v2\/tags?post=701"},{"taxonomy":"author","embeddable":true,"href":"https:\/\/avantcore.de\/en\/wp-json\/wp\/v2\/ppma_author?post=701"}],"curies":[{"name":"wp","href":"https:\/\/api.w.org\/{rel}","templated":true}]}}