{"id":29043,"date":"2025-11-28T08:38:21","date_gmt":"2025-11-28T07:38:21","guid":{"rendered":"https:\/\/avantcore.de\/?p=29043"},"modified":"2025-12-11T16:17:29","modified_gmt":"2025-12-11T15:17:29","slug":"baumschutzverordnung-schlaegt-bauwunsch","status":"publish","type":"post","link":"https:\/\/avantcore.de\/en\/baumschutzverordnung-schlaegt-bauwunsch\/","title":{"rendered":"Baumschutzverordnung schl\u00e4gt Bauwunsch \u2013 der VGH M\u00fcnchen st\u00e4rkt die Rechte von Verb\u00e4nden"},"content":{"rendered":"<p><b><span data-contrast=\"auto\">Konfliktlinie zwischen <\/span><\/b><b><i><span data-contrast=\"auto\">Building law<\/span><\/i><\/b><b><span data-contrast=\"auto\">, <\/span><\/b><b><i><span data-contrast=\"auto\">Naturschutz<\/span><\/i><\/b><b><span data-contrast=\"auto\"> durch eine Baumschutzverordnung und dem <\/span><\/b><b><i><span data-contrast=\"auto\">Umwelt-Rechtsbehelfsgesetz<\/span><\/i><\/b><span data-ccp-props=\"{&quot;201341983&quot;:0,&quot;335559740&quot;:360}\">\u00a0<\/span><!--more--><\/p>\n<p><span data-contrast=\"auto\">The <strong>Beschluss des<\/strong> <\/span><b><span data-contrast=\"auto\">VGH M\u00fcnchen vom <a href=\"https:\/\/www.gesetze-bayern.de\/Content\/Document\/Y-300-Z-BECKRS-B-2025-N-31083?hl=true\" target=\"_blank\" rel=\"noopener\">13.11.2025 \u2013 2 CS 25.1851<\/a><\/span><\/b><span data-contrast=\"auto\"> betrifft eine typische, aber rechtlich hochkomplexe Konstellation: Die Kollision zwischen <\/span><i><span data-contrast=\"auto\">r\u00fcckw\u00e4rtiger Innenhofbebauung<\/span><\/i><span data-contrast=\"auto\">, <\/span><i><span data-contrast=\"auto\">kommunaler Baumschutzverordnung<\/span><\/i><span data-contrast=\"auto\">, <\/span><i><span data-contrast=\"auto\">Verbandsklagerecht<\/span><\/i><span data-contrast=\"auto\"> und den <\/span><i><span data-contrast=\"auto\">Einf\u00fcgungsanforderungen des \u00a7 34 BauGB<\/span><\/i><span data-contrast=\"auto\">.<\/span><span data-ccp-props=\"{&quot;201341983&quot;:0,&quot;335559740&quot;:360}\">\u00a0<\/span><\/p>\n<h4><strong>Rechtlicher Charakter einer Baumschutzverordnung<\/strong><\/h4>\n<p><span data-contrast=\"auto\">Dabei arbeitete der VGH nicht nur die ma\u00dfgeblichen materiellen Voraussetzungen heraus, sondern stellte zugleich klar, dass auch <\/span><strong>kommunale Satzungen \u2013 insbesondere Baumschutzverordnungen \u2013 \u201eLandesrecht\u201c<\/strong><span data-contrast=\"auto\"> im Sinne des Umwelt-Rechtsbehelfsgesetzes sind. Damit st\u00e4rkt der Beschluss die Stellung anerkannter Naturschutzvereinigungen erheblich und markiert eine deutliche <\/span><i><span data-contrast=\"auto\">Rechtsfortentwicklung<\/span><\/i><span data-contrast=\"auto\">, da der VGH seine bisherige Linie ausdr\u00fccklich aufgibt.\u00a0<\/span><span data-ccp-props=\"{&quot;201341983&quot;:0,&quot;335559740&quot;:360}\">\u00a0<\/span><\/p>\n<p><span data-contrast=\"auto\">Die Entscheidung ist f\u00fcr Kommunen, Projektentwickler und Umweltvereinigungen gleicherma\u00dfen bedeutsam: Sie liefert klare Ma\u00dfst\u00e4be f\u00fcr die <\/span><strong>Einf\u00fcgung der Bebauungstiefe<\/strong><span data-contrast=\"auto\">, umrei\u00dft die <\/span><strong>Reichweite der Antragsbefugnis<\/strong><span data-contrast=\"auto\"> und grenzt die <\/span><strong>Bindungswirkung von Vorbescheiden<\/strong><span data-contrast=\"auto\"> scharf ab. Es bleibt nat\u00fcrlich abzuwarten, ob diese Rechtsprechungslinie zuk\u00fcnftig auch vom BVerwG gest\u00fctzt wird.<\/span><span data-ccp-props=\"{&quot;201341983&quot;:0,&quot;335559740&quot;:360}\">\u00a0<\/span><\/p>\n<h4><b><span data-contrast=\"auto\">Darum ging es konkret: R\u00fcckw\u00e4rtige Bebauung mit Folgen f\u00fcr den Baumbestand<\/span><\/b><span data-ccp-props=\"{&quot;201341983&quot;:0,&quot;335559740&quot;:360}\">\u00a0<\/span><\/h4>\n<p><span data-contrast=\"auto\"><img fetchpriority=\"high\" decoding=\"async\" class=\"alignleft size-medium wp-image-29048\" src=\"https:\/\/avantcore.de\/wp-content\/uploads\/2025\/11\/stockphotoscom-10631990-300x198.jpg\" alt=\"Baumschutzverordnung Landesrecht VGH M\u00fcnchen\" width=\"300\" height=\"198\" srcset=\"https:\/\/avantcore.de\/wp-content\/uploads\/2025\/11\/stockphotoscom-10631990-300x198.jpg 300w, https:\/\/avantcore.de\/wp-content\/uploads\/2025\/11\/stockphotoscom-10631990-18x12.jpg 18w, https:\/\/avantcore.de\/wp-content\/uploads\/2025\/11\/stockphotoscom-10631990.jpg 640w\" sizes=\"(max-width: 300px) 100vw, 300px\" \/>Die Beigeladene beabsichtigte die Errichtung von drei Stadth\u00e4usern im hinteren Grundst\u00fccksbereich eines innerst\u00e4dtischen Areals. Mit der <\/span><strong>Baugenehmigung vom 7. M\u00e4rz 2025<\/strong><span data-contrast=\"auto\"> wurde zugleich die nach der \u00f6rtlichen <\/span><strong>Baumschutzverordnung<\/strong><span data-contrast=\"auto\"> erforderliche <\/span><strong>F\u00e4llungsgenehmigung<\/strong><span data-contrast=\"auto\"> erteilt.<\/span><span data-ccp-props=\"{&quot;201341983&quot;:0,&quot;335559740&quot;:360}\">\u00a0<\/span><\/p>\n<p><span data-contrast=\"auto\">Eine anerkannte Naturschutzvereinigung erhob daraufhin Klage und beantragte die Anordnung der aufschiebenden Wirkung. Das Verwaltungsgericht hatte diesen Antrag abgelehnt, weil es der Vereinigung die <\/span><strong>Antragsbefugnis nach \u00a7 2 Abs. 1 UmwRG<\/strong><span data-contrast=\"auto\"> absprach.<\/span><span data-ccp-props=\"{&quot;201341983&quot;:0,&quot;335559740&quot;:360}\">\u00a0<\/span><\/p>\n<p><span data-contrast=\"auto\">Der VGH M\u00fcnchen hob diese Entscheidung auf und ordnete die aufschiebende Wirkung der Klage an \u2013 ein deutliches Signal zugunsten des Naturschutzverbands.\u00a0<\/span><span data-ccp-props=\"{&quot;201341983&quot;:0,&quot;335559740&quot;:360}\">\u00a0<\/span><\/p>\n<h4><b><span data-contrast=\"auto\">Antragsbefugnis und Umweltbezug: Weite Auslegung des UmwRG zugunsten der Verb\u00e4nde<\/span><\/b><span data-ccp-props=\"{&quot;201341983&quot;:0,&quot;335559740&quot;:360}\">\u00a0<\/span><\/h4>\n<p><span data-contrast=\"auto\">Herzst\u00fcck der Entscheidung ist die Frage, ob eine Naturschutzvereinigung sich im Rahmen des UmwRG auf kommunales Satzungsrecht \u2013 konkret eine <\/span><strong>kommunale Baumschutzverordnung<\/strong><span data-contrast=\"auto\"> \u2013 berufen kann.<\/span><span data-ccp-props=\"{&quot;201341983&quot;:0,&quot;335559740&quot;:360}\">\u00a0<\/span><\/p>\n<p><span data-contrast=\"auto\">Der VGH bejaht dies klar. Er stellt fest, dass die <strong>B<\/strong><\/span><strong>augenehmigung mit integrierter F\u00e4llungsgenehmigung<\/strong><span data-contrast=\"auto\"> eine <\/span><strong>umweltbezogene Entscheidung im Sinne des \u00a7 1 Abs. 1 Nr. 5 UmwRG<\/strong><span data-contrast=\"auto\"> darstellt. Entscheidend sei, dass die Baumschutzverordnung nach ihrem Zweck ausdr\u00fccklich dem <\/span><strong>Schutz des Naturhaushalts<\/strong><span data-contrast=\"auto\"><strong>,<\/strong> der <\/span><strong>Sicherung der Leistungsf\u00e4higkeit von Umweltbestandteilen<\/strong><span data-contrast=\"auto\"> sowie der <\/span><strong>Abwehr sch\u00e4dlicher Umwelteinwirkungen<\/strong><span data-contrast=\"auto\"> dient.\u00a0<\/span><span data-ccp-props=\"{&quot;201341983&quot;:0,&quot;335559740&quot;:360}\">\u00a0<\/span><\/p>\n<p><span data-contrast=\"auto\">Damit ist die Baumschutzverordnung eine <\/span><strong>umweltbezogene Rechtsvorschrift<\/strong><span data-contrast=\"auto\"> im Sinne des \u00a7 1 Abs. 4 UmwRG.<\/span><span data-ccp-props=\"{&quot;201341983&quot;:0,&quot;335559740&quot;:360}\">\u00a0<\/span><\/p>\n<h4><b><span data-contrast=\"auto\">Kommunale Satzungen als \u201eLandesrecht\u201c \u2013 Aufgabe der bisherigen VGH-Linie<\/span><\/b><span data-ccp-props=\"{&quot;201341983&quot;:0,&quot;335559740&quot;:360}\">\u00a0<\/span><\/h4>\n<p><span data-contrast=\"auto\">Der VGH vollzieht hier einen wichtigen Rechtsschwenk:<\/span><br \/>\n<span data-contrast=\"auto\">Er schlie\u00dft sich der Linie des 9. Senats an und bewertet <\/span><strong>kommunale Satzungen als Landesrecht<\/strong><span data-contrast=\"auto\"><strong>.<\/strong> Der Begriff \u201eLandesrecht\u201c sei <\/span><strong>f\u00f6deral weit<\/strong><span data-contrast=\"auto\"> auszulegen und umfasse auch Normen der Kommunen als Teil der L\u00e4nder.<\/span><span data-ccp-props=\"{&quot;201341983&quot;:0,&quot;335559740&quot;:360}\">\u00a0<\/span><\/p>\n<p><span data-contrast=\"auto\">Die Einordnung kommunaler Umweltvorschriften als Landesrecht ergibt sich aus<\/span><br \/>\n<span data-contrast=\"auto\">\u2013 dem systematischen Verst\u00e4ndnis des Staatsorganisationsrechts,<\/span><br \/>\n<span data-contrast=\"auto\">\u2013 den Vorgaben der <\/span><strong>Aarhus-Konvention<\/strong><span data-contrast=\"auto\">,<\/span><br \/>\n<span data-contrast=\"auto\">\u2013 dem unions- und v\u00f6lkerrechtskonformen Auslegungsgebot.<\/span><span data-ccp-props=\"{&quot;201341983&quot;:0,&quot;335559740&quot;:360}\">\u00a0<\/span><\/p>\n<p><span data-contrast=\"auto\">Die Folge:<\/span><br \/>\n<span data-contrast=\"auto\">Anerkannte Umweltverb\u00e4nde k\u00f6nnen k\u00fcnftig <\/span><strong>kommunale Baumschutzentscheidungen<\/strong><span data-contrast=\"auto\"> regelm\u00e4\u00dfig \u00fcberpr\u00fcfen lassen. Das st\u00e4rkt die Verbandsrechte erheblich.\u00a0<\/span><span data-ccp-props=\"{&quot;201341983&quot;:0,&quot;335559740&quot;:360}\">\u00a0<\/span><\/p>\n<h4><b><span data-contrast=\"auto\">Reichweite der R\u00fcgekompetenz: Inzidentpr\u00fcfung auch von Bauordnungs- und Bauplanungsrecht<\/span><\/b><span data-ccp-props=\"{&quot;201341983&quot;:0,&quot;335559740&quot;:360}\">\u00a0<\/span><\/h4>\n<p><span data-contrast=\"auto\">Strittig war, ob die Vereinigung im Rahmen des \u00a7 2 Abs. 1 Satz 2 UmwRG auch solche Vorschriften r\u00fcgen darf, die <\/span><b><span data-contrast=\"auto\">nicht selbst umweltbezogen<\/span><\/b><span data-contrast=\"auto\"> sind \u2013 beispielsweise <\/span><b><span data-contrast=\"auto\">Art. 68 BayBO<\/span><\/b><span data-contrast=\"auto\"> or <\/span><b><span data-contrast=\"auto\">\u00a7 34 BauGB<\/span><\/b><span data-contrast=\"auto\">.<\/span><span data-ccp-props=\"{&quot;201341983&quot;:0,&quot;335559740&quot;:360}\">\u00a0<\/span><\/p>\n<p><span data-contrast=\"auto\">Das VG M\u00fcnchen \u2013 gest\u00fctzt auf Rechtsprechung des OVG Berlin-Brandenburg \u2013 hatte dies erstinstanzlich verneint.<\/span><span data-ccp-props=\"{&quot;201341983&quot;:0,&quot;335559740&quot;:360}\">\u00a0<\/span><\/p>\n<p><span data-contrast=\"auto\">Der VGH widerspricht ausdr\u00fccklich:<\/span><span data-ccp-props=\"{&quot;201341983&quot;:0,&quot;335559740&quot;:360}\">\u00a0<\/span><\/p>\n<p><b><span data-contrast=\"auto\">Wenn eine umweltbezogene Norm (hier: \u00a7 5 BaumSchV) eine vorgelagerte baurechtliche Anspruchslage voraussetzt, geh\u00f6rt deren Pr\u00fcfung zwingend zum Pr\u00fcfprogramm der umweltbezogenen Norm.<\/span><\/b><span data-ccp-props=\"{&quot;201341983&quot;:0,&quot;335559740&quot;:360}\">\u00a0<\/span><\/p>\n<p><span data-contrast=\"auto\">Es w\u00e4re k\u00fcnstlich, die baurechtlichen Anspruchsvoraussetzungen abzuspalten, da die F\u00e4llungsgenehmigung <\/span><b><span data-contrast=\"auto\">nur<\/span><\/b><span data-contrast=\"auto\"> erteilt werden darf, wenn ein <\/span><b><span data-contrast=\"auto\">Anspruch auf die Baugenehmigung<\/span><\/b><span data-contrast=\"auto\"> besteht. Genau dieser Anspruch wurde bestritten.<\/span><span data-ccp-props=\"{&quot;201341983&quot;:0,&quot;335559740&quot;:360}\">\u00a0<\/span><\/p>\n<p><span data-contrast=\"auto\">Damit darf der Verband auch r\u00fcgen, dass das Vorhaben <\/span><b><span data-contrast=\"auto\">planungsrechtlich unzul\u00e4ssig<\/span><\/b><span data-contrast=\"auto\"> ist. Dies ist ein deutlicher Schritt zugunsten effektiven Rechtsschutzes.\u00a0<\/span><span data-ccp-props=\"{&quot;201341983&quot;:0,&quot;335559740&quot;:360}\">\u00a0<\/span><\/p>\n<h4><b><span data-contrast=\"auto\">Keine Einf\u00fcgung nach \u00a7 34 BauGB: Ma\u00dfst\u00e4be f\u00fcr die Bebauungstiefe neu gesch\u00e4rft<\/span><\/b><span data-ccp-props=\"{&quot;201341983&quot;:0,&quot;335559740&quot;:360}\">\u00a0<\/span><\/h4>\n<p><span data-contrast=\"auto\">Der VGH pr\u00fcft im Detail, ob die r\u00fcckw\u00e4rtige Bebauung sich hinsichtlich der <\/span><b><span data-contrast=\"auto\">\u00fcberbaubaren Grundst\u00fccksfl\u00e4che<\/span><\/b><span data-contrast=\"auto\"> in die \u201en\u00e4here Umgebung\u201c einf\u00fcgt.<\/span><span data-ccp-props=\"{&quot;201341983&quot;:0,&quot;335559740&quot;:360}\">\u00a0<\/span><\/p>\n<p><span data-contrast=\"auto\">Dabei werden mehrere <\/span><b><span data-contrast=\"auto\">Kernkriterien<\/span><\/b><span data-contrast=\"auto\"> betont:<\/span><span data-ccp-props=\"{&quot;201341983&quot;:0,&quot;335559740&quot;:360}\">\u00a0<\/span><\/p>\n<p><strong>Begrenzung der ma\u00dfgeblichen Umgebung auf Grundst\u00fccke derselben Erschlie\u00dfungsstra\u00dfe\u00a0<\/strong><\/p>\n<p><span data-contrast=\"auto\">Ma\u00dfstabsbildend seien nur jene Grundst\u00fccke, die \u2013 wie das Baugrundst\u00fcck \u2013 durch die gleiche Stra\u00dfe erschlossen werden. Grundst\u00fccke des Blockinneren oder gegen\u00fcberliegender Stra\u00dfenz\u00fcge seien grunds\u00e4tzlich nicht relevant.<\/span><span data-ccp-props=\"{&quot;201341983&quot;:0,&quot;335559740&quot;:360}\">\u00a0<\/span><\/p>\n<p><strong>Nebengeb\u00e4ude im Blockinneren besitzen keine pr\u00e4gende Kraft\u00a0<\/strong><\/p>\n<p><span data-contrast=\"auto\">Die vorhandenen Garagen- und Nebenanlagen im Umfeld seien<\/span><br \/>\n<span data-contrast=\"auto\">\u2013 weder ihrer H\u00f6he,<\/span><br \/>\n<span data-contrast=\"auto\">\u2013 noch ihrer Nutzung,<\/span><br \/>\n<span data-contrast=\"auto\">\u2013 noch ihrer st\u00e4dtebaulichen Wirkung<\/span><br \/>\n<span data-contrast=\"auto\">geeignet, eine r\u00fcckw\u00e4rtige Bebauung mit <\/span><b><span data-contrast=\"auto\">Hauptgeb\u00e4uden<\/span><\/b><span data-contrast=\"auto\"> zu begr\u00fcnden.<\/span><span data-ccp-props=\"{&quot;201341983&quot;:0,&quot;335559740&quot;:360}\">\u00a0<\/span><\/p>\n<p><b><span data-contrast=\"auto\">Keine st\u00e4dtebaulich spannungsfreie Ausnahme<\/span><\/b><span data-ccp-props=\"{&quot;201341983&quot;:0,&quot;335559740&quot;:360}\">\u00a0<\/span><\/p>\n<p><span data-contrast=\"auto\">Auch eine Ausnahme \u00fcber den Gedanken der <\/span><i><span data-contrast=\"auto\">st\u00e4dtebaulichen Entspannung<\/span><\/i><span data-contrast=\"auto\"> lehnte der VGH ab. Die geplanten Stadth\u00e4user h\u00e4tten <\/span><b><span data-contrast=\"auto\">Vorbildwirkung<\/span><\/b><span data-contrast=\"auto\">, die weitere Tiefenbebauung nach sich ziehen k\u00f6nnte \u2013 ein klassisches Argument gegen das Einf\u00fcgen.<\/span><span data-ccp-props=\"{&quot;201341983&quot;:0,&quot;335559740&quot;:360}\">\u00a0<\/span><\/p>\n<p><span data-contrast=\"auto\">Ergebnis:<\/span><br \/>\n<span data-contrast=\"auto\">Die r\u00fcckw\u00e4rtige Bebauung f\u00fcgt sich <\/span><b><span data-contrast=\"auto\">not<\/span><\/b><span data-contrast=\"auto\"> in die Eigenart der n\u00e4heren Umgebung ein \u2013 und eine Baugenehmigung durfte schon aus diesem Grund nicht erteilt werden.\u00a0<\/span><span data-ccp-props=\"{&quot;201341983&quot;:0,&quot;335559740&quot;:360}\">\u00a0<\/span><\/p>\n<p><b><span data-contrast=\"auto\">Vorbescheid ohne Bindungswirkung: Klare Grenzen nach Art. 71 BayBO<\/span><\/b><span data-ccp-props=\"{&quot;201341983&quot;:0,&quot;335559740&quot;:360}\">\u00a0<\/span><\/p>\n<p><span data-contrast=\"auto\">Obwohl ein <\/span><b><span data-contrast=\"auto\">Vorbescheid aus 2023<\/span><\/b><span data-contrast=\"auto\"> bestand, verneinte der VGH eine Bindungswirkung hinsichtlich der Frage der <\/span><b><span data-contrast=\"auto\">\u00fcberbaubaren Grundst\u00fccksfl\u00e4che<\/span><\/b><span data-contrast=\"auto\">.<\/span><span data-ccp-props=\"{&quot;201341983&quot;:0,&quot;335559740&quot;:360}\">\u00a0<\/span><\/p>\n<p><span data-contrast=\"auto\">Begr\u00fcndung:<\/span><br \/>\n<span data-contrast=\"auto\">\u2013 Bindend ist nur das, was im Vorbescheid <\/span><b><span data-contrast=\"auto\">positiv abgefragt und entschieden<\/span><\/b><span data-contrast=\"auto\"> wurde.<\/span><br \/>\n<span data-contrast=\"auto\">\u2013 Die \u00fcberbaubare Grundst\u00fccksfl\u00e4che war <\/span><b><span data-contrast=\"auto\">nicht Gegenstand der Voranfrage<\/span><\/b><span data-contrast=\"auto\">.<\/span><span data-ccp-props=\"{&quot;201341983&quot;:0,&quot;335559740&quot;:360}\">\u00a0<\/span><\/p>\n<p><span data-contrast=\"auto\">Damit muss die <a href=\"https:\/\/avantcore.de\/en\/topic\/oeffentliches-baurecht\/\">Bauaufsichtsbeh\u00f6rde<\/a> diese Frage <\/span><b><span data-contrast=\"auto\">vollst\u00e4ndig neu pr\u00fcfen<\/span><\/b><span data-contrast=\"auto\"> \u2013 und der Nachbar bzw. die Umweltvereinigung kann sie erneut gerichtlich angreifen.\u00a0<\/span><span data-ccp-props=\"{&quot;201341983&quot;:0,&quot;335559740&quot;:360}\">\u00a0<\/span><\/p>\n<h4><b><span data-contrast=\"auto\">Fazit und Empfehlung f\u00fcr die Praxis<\/span><\/b><span data-ccp-props=\"{&quot;201341983&quot;:0,&quot;335559740&quot;:360}\">\u00a0<\/span><\/h4>\n<p><span data-contrast=\"auto\">Der Beschluss des VGH M\u00fcnchen ist ein <\/span><b><span data-contrast=\"auto\">Meilenstein<\/span><\/b><span data-contrast=\"auto\"> f\u00fcr das Zusammenspiel von Baurecht, Umweltrecht und kommunalem Satzungsrecht. Er st\u00e4rkt die Rechte von Umweltverb\u00e4nden, pr\u00e4zisiert die Einf\u00fcgungsma\u00dfst\u00e4be des \u00a7 34 BauGB und definiert die Rolle kommunaler Satzungen im Anwendungsbereich des UmwRG neu.<\/span><span data-ccp-props=\"{&quot;201341983&quot;:0,&quot;335559740&quot;:360}\">\u00a0<\/span><\/p>\n<p><span data-contrast=\"auto\">F\u00fcr <\/span><b><span data-contrast=\"auto\">Bauherren<\/span><\/b><span data-contrast=\"auto\"> bedeutet dies:<\/span><br \/>\n<span data-contrast=\"auto\">R\u00fcckw\u00e4rtige Innenhofbebauungen sind rechtlich riskant und m\u00fcssen hinsichtlich Bebauungstiefe und Einf\u00fcgungsgebot besonders sorgf\u00e4ltig geplant werden.<\/span><span data-ccp-props=\"{&quot;201341983&quot;:0,&quot;335559740&quot;:360}\">\u00a0<\/span><\/p>\n<p><span data-contrast=\"auto\">F\u00fcr <\/span><b><span data-contrast=\"auto\">Kommunen<\/span><\/b><span data-contrast=\"auto\"> bedeutet die Entscheidung:<\/span><br \/>\n<span data-contrast=\"auto\">Baumschutzverordnungen entfalten echte materiell-rechtliche Pr\u00fcfungsdichte und k\u00f6nnen Gerichtsverfahren entscheidend pr\u00e4gen.<\/span><span data-ccp-props=\"{&quot;201341983&quot;:0,&quot;335559740&quot;:360}\">\u00a0<\/span><\/p>\n<p><span data-contrast=\"auto\">F\u00fcr <\/span><b><span data-contrast=\"auto\">Umweltvereinigungen<\/span><\/b><span data-contrast=\"auto\"> bedeutet sie:<\/span><br \/>\n<span data-contrast=\"auto\">Verbandsklagen k\u00f6nnen k\u00fcnftig deutlich st\u00e4rker auf kommunale Umweltvorschriften, also auch auf Baumschutzverordnungen, gest\u00fctzt werden.<\/span><span data-ccp-props=\"{&quot;201341983&quot;:0,&quot;335559740&quot;:360}\">\u00a0<\/span><\/p>\n<p><span data-contrast=\"auto\">Wenn Sie ein Bauvorhaben planen, eine kommunale Satzung anwenden m\u00fcssen oder als Umweltverband die Rechtsschutzm\u00f6glichkeiten pr\u00fcfen, <a href=\"https:\/\/avantcore.de\/en\/team\/matthias-hesshaus\/\">advise<\/a> Sie die <a href=\"https:\/\/avantcore.de\/en\/team\/matthias-hesshaus\/\">Experten<\/a> von <\/span><b><span data-contrast=\"auto\">AVANTCORE RECHTSANW\u00c4LTE<\/span><\/b><span data-contrast=\"auto\"> in Stuttgart gern umfassend \u2013 juristisch pr\u00e4zise, verwaltungsrechtlich tief fundiert und mit strategischem Blick auf die Verfahrensrisiken.<\/span><span data-ccp-props=\"{&quot;201341983&quot;:0,&quot;335559740&quot;:360}\">\u00a0<\/span><\/p>","protected":false},"excerpt":{"rendered":"<p>Konfliktlinie zwischen Baurecht, Naturschutz durch eine Baumschutzverordnung und dem Umwelt-Rechtsbehelfsgesetz\u00a0<\/p>","protected":false},"author":15,"featured_media":29048,"comment_status":"closed","ping_status":"closed","sticky":false,"template":"single-custom-blog.php","format":"standard","meta":{"footnotes":""},"categories":[3049],"tags":[3235,3433,3668,3350,3683,3682,3680,3684],"ppma_author":[3075],"class_list":["post-29043","post","type-post","status-publish","format-standard","has-post-thumbnail","hentry","category-allgemein","tag-baugb","tag-baugenehmigung","tag-bauplanungsrecht","tag-baurecht","tag-gebot-der-ruecksichtnahme","tag-innenbereich","tag-nachbarn","tag-schlusspunkttheorie"],"authors":[{"term_id":3075,"user_id":15,"is_guest":0,"slug":null,"display_name":"Dr. Matthias Hesshaus","avatar_url":"https:\/\/secure.gravatar.com\/avatar\/d5fedb90db22e1597e6f35126e51f94c849e32ae807e0e08611955aa0d02f34a?s=96&d=mm&r=g","first_name":"Dr. Matthias","last_name":"Hesshaus","user_url":"","description":""}],"_links":{"self":[{"href":"https:\/\/avantcore.de\/en\/wp-json\/wp\/v2\/posts\/29043","targetHints":{"allow":["GET"]}}],"collection":[{"href":"https:\/\/avantcore.de\/en\/wp-json\/wp\/v2\/posts"}],"about":[{"href":"https:\/\/avantcore.de\/en\/wp-json\/wp\/v2\/types\/post"}],"author":[{"embeddable":true,"href":"https:\/\/avantcore.de\/en\/wp-json\/wp\/v2\/users\/15"}],"replies":[{"embeddable":true,"href":"https:\/\/avantcore.de\/en\/wp-json\/wp\/v2\/comments?post=29043"}],"version-history":[{"count":0,"href":"https:\/\/avantcore.de\/en\/wp-json\/wp\/v2\/posts\/29043\/revisions"}],"wp:featuredmedia":[{"embeddable":true,"href":"https:\/\/avantcore.de\/en\/wp-json\/wp\/v2\/media\/29048"}],"wp:attachment":[{"href":"https:\/\/avantcore.de\/en\/wp-json\/wp\/v2\/media?parent=29043"}],"wp:term":[{"taxonomy":"category","embeddable":true,"href":"https:\/\/avantcore.de\/en\/wp-json\/wp\/v2\/categories?post=29043"},{"taxonomy":"post_tag","embeddable":true,"href":"https:\/\/avantcore.de\/en\/wp-json\/wp\/v2\/tags?post=29043"},{"taxonomy":"author","embeddable":true,"href":"https:\/\/avantcore.de\/en\/wp-json\/wp\/v2\/ppma_author?post=29043"}],"curies":[{"name":"wp","href":"https:\/\/api.w.org\/{rel}","templated":true}]}}