{"id":28122,"date":"2025-08-21T18:23:01","date_gmt":"2025-08-21T16:23:01","guid":{"rendered":"https:\/\/avantcore.de\/?p=28122"},"modified":"2025-10-07T13:18:42","modified_gmt":"2025-10-07T11:18:42","slug":"marke-goetterfrucht-fehlt-unterscheidungskraft","status":"publish","type":"post","link":"https:\/\/avantcore.de\/en\/marke-goetterfrucht-fehlt-unterscheidungskraft\/","title":{"rendered":"EuG best\u00e4tigt Zur\u00fcckweisung der Marke \u201eG\u00f6tterfrucht\u201c (T-379\/24) \u2013 Rechtliche Anforderungen an Unterscheidungskraft und Schutzf\u00e4higkeit"},"content":{"rendered":"<p><strong>With <a href=\"https:\/\/euipo.europa.eu\/eSearchCLW\/#key\/trademark\/ECJ_20250613_T-379_24_018850290\" target=\"_blank\" rel=\"noopener\">Beschluss vom 11. Juni 2025<\/a> hat das Gericht der Europ\u00e4ischen Union die Eintragungsf\u00e4higkeit der Unionsmarke \u201eG\u00f6tterfrucht\u201c verneint. Der Fall bietet praxisrelevante Einblicke in die Auslegung der absoluten Eintragungshindernisse nach der <a href=\"https:\/\/eur-lex.europa.eu\/legal-content\/DE\/TXT\/PDF\/?uri=CELEX:32017R1001\" target=\"_blank\" rel=\"noopener\">Unionsmarkenverordnung, <\/a>insbesondere im Hinblick auf die Unterscheidungskraft und den beschreibenden Charakter eines Zeichens. Unsere Kanzlei AVANTCORE ber\u00e4t mit langj\u00e4hriger Erfahrung und umfassender Expertise im <a href=\"https:\/\/avantcore.de\/en\/areas-of-law\/trademark-and-brand-law\/\">Trademark Law<\/a> zu allen Aspekten der Markenanmeldung und -durchsetzung.<\/strong><\/p>\r\n<p><!--more--><\/p>\r\n<h6 data-start=\"1411\" data-end=\"1444\"><strong>Sachverhalt und Verfahrensgang<\/strong><\/h6>\r\n<p data-start=\"1446\" data-end=\"1957\">Die Kl\u00e4gerin, MSG Frucht GmbH, hatte im Jahr 2023 beim Amt der Europ\u00e4ischen Union f\u00fcr geistiges Eigentum (EUIPO) die Eintragung der Wortmarke \u201eG\u00f6tterfrucht\u201c f\u00fcr diverse Waren der Klassen 29, 31 und 32 (darunter verarbeitete Fr\u00fcchte, Pflanzgut, Fruchts\u00e4fte) beantragt. Das EUIPO wies die Anmeldung jedoch gest\u00fctzt auf Art. 7 Abs. 1 lit. b und c der Verordnung (EU) 2017\/1001 \u00fcber die Unionsmarke (UMV) zur\u00fcck. Die hiergegen eingelegte Beschwerde wurde von der F\u00fcnften Beschwerdekammer ebenfalls zur\u00fcckgewiesen.<\/p>\r\n<p data-start=\"1446\" data-end=\"1957\"><img fetchpriority=\"high\" decoding=\"async\" class=\"aligncenter wp-image-28127 size-large\" src=\"https:\/\/avantcore.de\/wp-content\/uploads\/2025\/08\/stockphotoscom-10599216-1024x683.jpg\" alt=\"Symbolbild f\u00fcr eine Entscheidung des EuG zur fehlenden Unterscheidungskraft der Marke G\u00f6tterfrucht\" width=\"1024\" height=\"683\" srcset=\"https:\/\/avantcore.de\/wp-content\/uploads\/2025\/08\/stockphotoscom-10599216-1024x683.jpg 1024w, https:\/\/avantcore.de\/wp-content\/uploads\/2025\/08\/stockphotoscom-10599216-300x200.jpg 300w, https:\/\/avantcore.de\/wp-content\/uploads\/2025\/08\/stockphotoscom-10599216-768x512.jpg 768w, https:\/\/avantcore.de\/wp-content\/uploads\/2025\/08\/stockphotoscom-10599216-1536x1024.jpg 1536w, https:\/\/avantcore.de\/wp-content\/uploads\/2025\/08\/stockphotoscom-10599216-18x12.jpg 18w, https:\/\/avantcore.de\/wp-content\/uploads\/2025\/08\/stockphotoscom-10599216.jpg 1920w\" sizes=\"(max-width: 1024px) 100vw, 1024px\" \/><\/p>\r\n<p data-start=\"1959\" data-end=\"2131\">Mit Klage zum EuG (Rs. T\u2011379\/24) begehrte die Kl\u00e4gerin die Aufhebung der Entscheidung. Das Gericht lehnte die Klage nun ab und best\u00e4tigte die Eintragungshindernisse.<\/p>\r\n<h6 data-start=\"2138\" data-end=\"2172\"><strong>Wesentliche Entscheidungsgr\u00fcnde<\/strong><\/h6>\r\n<h6 data-start=\"2174\" data-end=\"2240\"><strong>1. Beschreibender Charakter gem\u00e4\u00df Art. 7 Abs. 1 lit. c UMV<\/strong><\/h6>\r\n<p data-start=\"2242\" data-end=\"2748\">Nach st\u00e4ndiger Rechtsprechung unterliegt ein Zeichen dann einem Eintragungshindernis gem\u00e4\u00df Art. 7 Abs. 1 lit. c UMV, wenn es eine Eigenschaft oder eine Art der betreffenden Ware unmittelbar beschreibt. Das Gericht stellte klar, dass \u201eG\u00f6tterfrucht\u201c eine gebr\u00e4uchliche deutsche Bezeichnung f\u00fcr Fr\u00fcchte der Gattung <em data-start=\"2554\" data-end=\"2565\">Diospyros<\/em> (etwa Kaki oder Persimone) darstellt. Diese Bezeichnung sei dem ma\u00dfgeblichen deutschsprachigen Verkehrskreis gel\u00e4ufig und werde bereits im Handel werblich und beschreibend verwendet.<\/p>\r\n<p data-start=\"2750\" data-end=\"2974\">Marken, die sich auf gebr\u00e4uchliche Pflanzennamen oder unmittelbar beschreibende Begriffe st\u00fctzen, sind nach der Rechtsprechung von der Eintragung ausgeschlossen \u2013 auch wenn sie einen gewissen werblichen \u00dcberschuss aufweisen.<\/p>\r\n<h6 data-start=\"2976\" data-end=\"3047\"><strong>2. Fehlende Unterscheidungskraft gem\u00e4\u00df Art. 7 Abs. 1 lit. b UMV<\/strong><\/h6>\r\n<p data-start=\"3049\" data-end=\"3528\">Dar\u00fcber hinaus fehle dem Zeichen jegliche Unterscheidungskraft im markenrechtlichen Sinne. Die Wortverbindung \u201eG\u00f6tterfrucht\u201c sei nicht geeignet, als betrieblicher Herkunftshinweis zu fungieren, sondern werde vom angesprochenen Publikum lediglich als werblicher Ausdruck verstanden, etwa im Sinne von \u201ebesonders wohlschmeckend\u201c oder \u201eau\u00dfergew\u00f6hnlich\u201c. Diese Art der Bezeichnung stelle keine hinreichend konkrete und pr\u00e4gnante Individualisierung eines bestimmten Unternehmens dar.<\/p>\r\n<h6 data-start=\"3530\" data-end=\"3563\"><strong>3. Keine Verfahrensfehler<\/strong><\/h6>\r\n<p data-start=\"3565\" data-end=\"3995\">Die Kl\u00e4gerin hatte weiterhin ger\u00fcgt, dass das EUIPO ihre Argumentation nicht hinreichend gew\u00fcrdigt und keine m\u00fcndliche Verhandlung durchgef\u00fchrt habe. Auch hierin sah das Gericht keinen Rechtsversto\u00df. Es betonte den weiten Beurteilungsspielraum des EUIPO bei der Entscheidung \u00fcber die Notwendigkeit einer m\u00fcndlichen Verhandlung (Art. 96 UMV). Da die Sachlage hinreichend aufgekl\u00e4rt war, bestand keine Verpflichtung zur Anberaumung.<\/p>\r\n<p data-start=\"3997\" data-end=\"4201\">Zudem stellte das Gericht klar, dass Eintragungen nationaler Marken (z.\u202fB. in Deutschland oder Spanien) nicht bindend f\u00fcr die Unionsmarke seien, da die UMV ein eigenst\u00e4ndiges rechtliches System darstellt.<\/p>\r\n<h2 data-start=\"4208\" data-end=\"4259\"><strong>Rechtliche Relevanz und praktische Implikationen<\/strong><\/h2>\r\n<p data-start=\"4261\" data-end=\"4670\">Der Beschluss des EuG verdeutlicht, wie hoch die Anforderungen an die Schutzf\u00e4higkeit von Marken unter dem Regime der UMV sind. Vor allem die Unterscheidungskraft eines Zeichens \u2013 also dessen Eignung, eine betriebliche Herkunft zu kennzeichnen \u2013 ist ein zentrales Kriterium. Bereits die Assoziation mit einer bestimmten Gattung oder Warenbeschreibung kann zum Eintragungshindernis f\u00fchren.<\/p>\r\n<p data-start=\"4672\" data-end=\"4910\">Unternehmen sind daher gut beraten, bei der Wahl von Markenbezeichnungen fr\u00fchzeitig rechtliche Expertise einzubeziehen. Dies gilt insbesondere dann, wenn Begriffe mit einem beschreibenden oder werblichen Einschlag verwendet werden sollen.<\/p>\r\n<h2><strong>Conclusion<\/strong><\/h2>\r\n<p data-start=\"4978\" data-end=\"5275\">Der Fall \u201eG\u00f6tterfrucht\u201c zeigt, dass kreatives Marketingverst\u00e4ndnis nicht mit markenrechtlicher Schutzf\u00e4higkeit gleichzusetzen ist. Wer eine langfristig durchsetzbare und verteidigungsf\u00e4hige Marke aufbauen m\u00f6chte, muss bereits bei der Markenentwicklung auf die rechtlichen Rahmenbedingungen achten.<\/p>\r\n<p data-start=\"5277\" data-end=\"5614\"><strong data-start=\"5277\" data-end=\"5355\">Unsere Kanzlei AVANTCORE verf\u00fcgt \u00fcber umfassende Expertise im Markenrecht.<\/strong> Wir begleiten Sie von der ersten Idee \u00fcber die markenrechtliche <a href=\"https:\/\/avantcore.de\/en\/services\/markenrecherche\/\">Pr\u00fcfung<\/a> and <a href=\"https:\/\/avantcore.de\/en\/services\/markenanmeldung\/\">Anmeldung<\/a> bis hin zur <a href=\"https:\/\/avantcore.de\/en\/services\/verfolgung-markenverletzungen\/\">gerichtlichen Durchsetzung Ihrer Markenrechte<\/a>. Dabei setzen wir auf eine individuelle, wirtschaftlich durchdachte Strategie und eine klare rechtliche Bewertung.<\/p>\r\n<h6 data-start=\"5621\" data-end=\"5660\"><strong>Praxistipps f\u00fcr Markenanmelder:<\/strong><\/h6>\r\n<ul data-start=\"5661\" data-end=\"6180\">\r\n<li data-start=\"5661\" data-end=\"5755\">\r\n<p data-start=\"5663\" data-end=\"5755\">Vermeiden Sie Begriffe, die im allgemeinen Sprachgebrauch eine beschreibende Funktion haben.<\/p>\r\n<\/li>\r\n<li data-start=\"5756\" data-end=\"5843\">\r\n<p data-start=\"5758\" data-end=\"5843\">Pr\u00fcfen Sie, ob das gew\u00fcnschte Zeichen eine hinreichende Unterscheidungskraft besitzt.<\/p>\r\n<\/li>\r\n<li data-start=\"5844\" data-end=\"5967\">\r\n<p data-start=\"5846\" data-end=\"5967\">F\u00fchren Sie fr\u00fchzeitig eine markenrechtliche Schutzf\u00e4higkeitsanalyse durch, idealerweise durch spezialisierten Rechtsrat.<\/p>\r\n<\/li>\r\n<li data-start=\"5968\" data-end=\"6070\">\r\n<p data-start=\"5970\" data-end=\"6070\">Bedenken Sie, dass nationale Markeneintragungen keine Bindungswirkung auf die Unionsmarke entfalten.<\/p>\r\n<\/li>\r\n<\/ul>\r\n<p data-start=\"6182\" data-end=\"6281\">F\u00fcr eine strategisch fundierte Markenanmeldung stehen wir Ihnen jederzeit gerne beratend zur Seite.<\/p>\r\n<p data-start=\"6182\" data-end=\"6281\">\u00a0<\/p>\r\n<p data-start=\"6182\" data-end=\"6281\"><a href=\"https:\/\/avantcore.de\/en\/farbmarke-fuer-schubladenfuehrungen-abgelehnt\/\">https:\/\/avantcore.de\/farbmarke-fuer-schubladenfuehrungen-abgelehnt\/<\/a><\/p>\r\n<p data-start=\"6182\" data-end=\"6281\"><a href=\"https:\/\/avantcore.de\/en\/wann-ein-slogan-als-marke-eintragungsfahig-ist\/\">https:\/\/avantcore.de\/wann-ein-slogan-als-marke-eintragungsfahig-ist\/<\/a><\/p>\r\n<p data-start=\"6182\" data-end=\"6281\"><a href=\"https:\/\/avantcore.de\/en\/markenrechtsstreit-um-orange-batg-kippt-farbmarke\/\">https:\/\/avantcore.de\/markenrechtsstreit-um-orange-batg-kippt-farbmarke\/<\/a><\/p>","protected":false},"excerpt":{"rendered":"<p>Mit Beschluss vom 11. Juni 2025 hat das Gericht der Europ\u00e4ischen Union die Eintragungsf\u00e4higkeit der Unionsmarke \u201eG\u00f6tterfrucht\u201c verneint. Der Fall bietet praxisrelevante Einblicke in die Auslegung der absoluten Eintragungshindernisse nach der Unionsmarkenverordnung, insbesondere im Hinblick auf die Unterscheidungskraft und den beschreibenden Charakter eines Zeichens. Unsere Kanzlei AVANTCORE ber\u00e4t mit langj\u00e4hriger Erfahrung und umfassender Expertise im [&hellip;]<\/p>","protected":false},"author":16,"featured_media":28127,"comment_status":"closed","ping_status":"closed","sticky":false,"template":"single-custom-blog.php","format":"standard","meta":{"footnotes":""},"categories":[3049],"tags":[3542,75,3000,3544,3541,70,2752,3543,2870,1446],"ppma_author":[3077],"class_list":["post-28122","post","type-post","status-publish","format-standard","has-post-thumbnail","hentry","category-allgemein","tag-beschreibende-marken","tag-eintragungshindernis","tag-eug","tag-euipo-markenanmeldung","tag-goetterfrucht","tag-herkunftshinweis","tag-markenrecht","tag-t379-24","tag-unionsmarke","tag-zurueckweisung-markenanmeldung"],"authors":[{"term_id":3077,"user_id":16,"is_guest":0,"slug":null,"display_name":"Dr. Julia Blind","avatar_url":"https:\/\/secure.gravatar.com\/avatar\/dfc38cb2237c1c9686aa8c4cacd063d476172d7870a4f0e5720717d4362ace3d?s=96&d=mm&r=g","first_name":"Dr. Julia","last_name":"Blind","user_url":"","description":""}],"_links":{"self":[{"href":"https:\/\/avantcore.de\/en\/wp-json\/wp\/v2\/posts\/28122","targetHints":{"allow":["GET"]}}],"collection":[{"href":"https:\/\/avantcore.de\/en\/wp-json\/wp\/v2\/posts"}],"about":[{"href":"https:\/\/avantcore.de\/en\/wp-json\/wp\/v2\/types\/post"}],"author":[{"embeddable":true,"href":"https:\/\/avantcore.de\/en\/wp-json\/wp\/v2\/users\/16"}],"replies":[{"embeddable":true,"href":"https:\/\/avantcore.de\/en\/wp-json\/wp\/v2\/comments?post=28122"}],"version-history":[{"count":0,"href":"https:\/\/avantcore.de\/en\/wp-json\/wp\/v2\/posts\/28122\/revisions"}],"wp:featuredmedia":[{"embeddable":true,"href":"https:\/\/avantcore.de\/en\/wp-json\/wp\/v2\/media\/28127"}],"wp:attachment":[{"href":"https:\/\/avantcore.de\/en\/wp-json\/wp\/v2\/media?parent=28122"}],"wp:term":[{"taxonomy":"category","embeddable":true,"href":"https:\/\/avantcore.de\/en\/wp-json\/wp\/v2\/categories?post=28122"},{"taxonomy":"post_tag","embeddable":true,"href":"https:\/\/avantcore.de\/en\/wp-json\/wp\/v2\/tags?post=28122"},{"taxonomy":"author","embeddable":true,"href":"https:\/\/avantcore.de\/en\/wp-json\/wp\/v2\/ppma_author?post=28122"}],"curies":[{"name":"wp","href":"https:\/\/api.w.org\/{rel}","templated":true}]}}