{"id":1805,"date":"2014-01-21T13:15:13","date_gmt":"2014-01-21T11:15:13","guid":{"rendered":"\/?p=1805"},"modified":"2025-10-10T15:40:08","modified_gmt":"2025-10-10T13:40:08","slug":"deutsches-datenschutzrecht-bei-facebook","status":"publish","type":"post","link":"https:\/\/avantcore.de\/en\/deutsches-datenschutzrecht-bei-facebook\/","title":{"rendered":"Deutsches Datenschutzrecht bei Facebook?"},"content":{"rendered":"<p><strong>Das Unabh\u00e4ngige Landeszentrum f\u00fcr Datenschutz Schleswig-Holstein (ULD) hatte gegen\u00fcber Facebook Inc.\/ USA und Facebook Ireland Ltd. verf\u00fcgt,\u00a0 sich an die Vorgaben des deutschen Datenschutzrechts zu halten. Das Oberverwaltungsgericht Schleswig hatte nun \u00fcber die Frage zu entscheiden, ob auf die Dienste von Facebook in Bezug auf deutsche Nutzer deutsches Datenschutzrecht anzuwenden ist.\u00a0 <\/strong><\/p>\n<p><!--more--><\/p>\n<p>Wer sich bei Facebook registriert, hat seine Echtdaten (\u201eKlarnamen\u201c) anzugeben, andernfalls sperrt Facebook das Nutzerkonto. Nach den datenschutzrechtlichen Vorschriften im Telemediengesetz (TMG) aber hat der Diensteanbieter die Nutzung von Telemedien anonym oder unter Pseudonym zu erm\u00f6glichen, soweit dies technisch m\u00f6glich und zumutbar ist, und den Nutzer entsprechend \u00fcber diese M\u00f6glichkeit zu informieren.<\/p>\n<p>Gegen die Verf\u00fcgungen des ULD hatte sich Facebook vor dem Verwaltungsgericht Schleswig gewehrt.<\/p>\n<p>Das VG Schleswig entschied in seinen <a title=\"VG Schleswig, Beschl\u00fcsse vom 14.02.2013 \u2013 Az. 8 B 61\/12 und Az. 8 B 60\/12 \" href=\"https:\/\/www.datenschutzzentrum.de\/facebook\/Facebook-Ireland-vs-ULD-Beschluss.pdf, https:\/\/www.datenschutzzentrum.de\/facebook\/Facebook-Inc-vs-ULD-Beschluss.pdf\" target=\"_blank\" rel=\"noopener\">Beschl\u00fcssen vom 14.02.2013 \u2013 Az. 8 B 61\/12 und \u00a0Az. 8 B 60\/12<\/a>\u00a0im Sinne von Facebook, weil deutsches Datenschutzrecht keine Anwendung finde auf die Verarbeitung von Daten deutscher Nutzer. Auf die Datenverarbeitung bei Facebook konnten mithin die streitgegenst\u00e4ndlichen Bestimmungen des TMG nicht durchgreifen.<\/p>\n<p>Das ULD legte gegen die Beschl\u00fcsse des VG Schleswig Beschwerde ein.<\/p>\n<p><strong>Decision of the court<\/strong><\/p>\n<p>Das OVG Schleswig entschied ebenfalls im Sinne von Facebook (<a title=\"OVG Schleswig, Beschluss v. 22.04.2013 - Az. 4 MB 10\/13 und 4 MB 11\/13\" href=\"https:\/\/www.datenschutzzentrum.de\/facebook\/20130422-ovg-beschluss-facebook-inc.pdf, https:\/\/www.datenschutzzentrum.de\/facebook\/20130422-ovg-beschluss-facebook.pdf\" target=\"_blank\" rel=\"noopener\">Beschl\u00fcsse vom 22.04.2013 \u2013 Az. 4 MB 10\/13 und 4 MB 11\/ 13<\/a>)<strong>.<\/strong><\/p>\n<p>Das Gericht stellte darauf ab, ob es sich bei der Facebook Ireland Ltd. um eine \u201eNiederlassung\u201c im Sinne der europ\u00e4ischen Datenschutzrichtlinie handle. Der Begriff sei weit gefasst und setze lediglich die effektive und tats\u00e4chliche Aus\u00fcbung einer T\u00e4tigkeit mittels einer festen Einrichtung voraus. F\u00fcr das Gericht war es \u201eoffensichtlich\u201c, dass die Facebook Ireland Ltd. diese Voraussetzungen an eine \u201eNiederlassung\u201c erf\u00fclle.<\/p>\n<p>Weiter stellte das Gericht fest, dass die T\u00e4tigkeit von Facebook\u00b4s irischer Niederlassung, Facebook Ireland Ltd., auch tats\u00e4chlich die Verarbeitung der relevanten personenbezogenen Daten sei.\u00a0 Dabei bezog es sich auf die Ausf\u00fchrungen des irischen Datenschutzbeauftragten zu Facebook Ireland Ltd in seinem <a title=\"Facebook, Report of Audit\" href=\"http:\/\/www.dataprotection.ie\/viewdoc.asp?m=&amp;fn=\/documents\/Facebook%20Report\/final%20report\/report.pdf\" target=\"_blank\" rel=\"noopener\">Report of Audit<\/a>\u00a0 der ebenfalls zu dem Ergebnis gelangt sei, dass Facebook Ireland Ltd. die einzige Stelle und rechtlich das Unternehmen innerhalb der Facebook Gruppe sei, das die Daten von nicht-nordamerikanischen Nutzern kontrolliere. Demgegen\u00fcber sei die Facebook Germany GmbH lediglich im Bereich der Anzeigenakquise und im Bereich des Marketing t\u00e4tig.<\/p>\n<p>Sobald eine Pr\u00e4senz im Hoheitsgebiet der EU bzw. des EWR , die als \u201eNiederlassung\u201c angesehen werden k\u00f6nne, vorhanden sei, m\u00fcsse das Recht des Mitgliedstaates angewendet werden, wo diese Niederlassung ihren Sitz habe. Das Gericht vertrat die Auffassung, dass aus diesem Grund auch nicht auf die Datenverarbeitung durch die (auch) in Deutschland ans\u00e4ssige Fa. Akamai (Nutzung sog. Content Delivery Networks (CDN)) und die Direkterhebung von personenbezogenen Daten durch Facebook Inc. \u00fcber technische Mittel eingegangen werden m\u00fcsse.<\/p>\n<p>Die Beschl\u00fcsse des OVG Schleswig sind unanfechtbar.<\/p>\n<p>Das ULD \u00e4u\u00dferte in seiner Pressemitteilung, den Widerspr\u00fcchen von Facebook im Hauptsacheverfahren zu entsprechen.<\/p>\n<p><strong>Conclusion<\/strong><\/p>\n<p>Nach der Rechtsprechung des OVG Schleswig k\u00f6nnen sich deutsche Nutzer gegen\u00fcber\u00a0 Facebook nicht auf deutsches Datenschutzrecht berufen. Die Frage des anwendbaren Rechts ist aber umstritten und wurde im Fall des <span style=\"text-decoration: underline;\"><a title=\"Bundesverbands der Verbraucherzentralen und Verbraucherverb\u00e4nde (vzbv)\/ Facebook\" href=\"http:\/\/openjur.de\/u\/269310.html\" target=\"_blank\" rel=\"noopener\">Bundesverbands der Verbraucherzentralen und Verbraucherverb\u00e4nde (vzbv)\/ Facebook<\/a> <\/span>und auch im Fall des <a title=\"Datenschutzbestimmungen von Google rechtswidrig!\" href=\"\/en\/2014\/01\/22\/datenschutz-und-agb-klauseln-von-google-rechtswidrig\/\">vzbv\/ Google <\/a>auch schon anders entschieden. Es bleibt abzuwarten, wie weitere Gerichte hier entscheiden werden.<\/p>","protected":false},"excerpt":{"rendered":"<p>Das Unabh\u00e4ngige Landeszentrum f\u00fcr Datenschutz Schleswig-Holstein (ULD) hatte gegen\u00fcber Facebook Inc.\/ USA und Facebook Ireland Ltd. verf\u00fcgt,\u00a0 sich an die Vorgaben des deutschen Datenschutzrechts zu halten. Das Oberverwaltungsgericht Schleswig hatte nun \u00fcber die Frage zu entscheiden, ob auf die Dienste von Facebook in Bezug auf deutsche Nutzer deutsches Datenschutzrecht anzuwenden ist.\u00a0<\/p>","protected":false},"author":2,"featured_media":24106,"comment_status":"closed","ping_status":"closed","sticky":false,"template":"single-custom-blog.php","format":"standard","meta":{"footnotes":""},"categories":[3049],"tags":[261,273,274,275],"ppma_author":[3074],"class_list":["post-1805","post","type-post","status-publish","format-standard","has-post-thumbnail","hentry","category-allgemein","tag-datenschutzerklaerung","tag-datenschutzrichtlinie","tag-facebook","tag-pseudonym"],"authors":[{"term_id":3074,"user_id":2,"is_guest":0,"slug":"christopher","display_name":"Christopher A. Wolf, MBA","avatar_url":"https:\/\/secure.gravatar.com\/avatar\/d77b27aefd4397c799a733f749d595a8fcc78bb7c7d693f68096bc2bfc958647?s=96&d=mm&r=g","first_name":"Christopher A.","last_name":"Wolf, MBA","user_url":"","description":""}],"_links":{"self":[{"href":"https:\/\/avantcore.de\/en\/wp-json\/wp\/v2\/posts\/1805","targetHints":{"allow":["GET"]}}],"collection":[{"href":"https:\/\/avantcore.de\/en\/wp-json\/wp\/v2\/posts"}],"about":[{"href":"https:\/\/avantcore.de\/en\/wp-json\/wp\/v2\/types\/post"}],"author":[{"embeddable":true,"href":"https:\/\/avantcore.de\/en\/wp-json\/wp\/v2\/users\/2"}],"replies":[{"embeddable":true,"href":"https:\/\/avantcore.de\/en\/wp-json\/wp\/v2\/comments?post=1805"}],"version-history":[{"count":0,"href":"https:\/\/avantcore.de\/en\/wp-json\/wp\/v2\/posts\/1805\/revisions"}],"wp:featuredmedia":[{"embeddable":true,"href":"https:\/\/avantcore.de\/en\/wp-json\/wp\/v2\/media\/24106"}],"wp:attachment":[{"href":"https:\/\/avantcore.de\/en\/wp-json\/wp\/v2\/media?parent=1805"}],"wp:term":[{"taxonomy":"category","embeddable":true,"href":"https:\/\/avantcore.de\/en\/wp-json\/wp\/v2\/categories?post=1805"},{"taxonomy":"post_tag","embeddable":true,"href":"https:\/\/avantcore.de\/en\/wp-json\/wp\/v2\/tags?post=1805"},{"taxonomy":"author","embeddable":true,"href":"https:\/\/avantcore.de\/en\/wp-json\/wp\/v2\/ppma_author?post=1805"}],"curies":[{"name":"wp","href":"https:\/\/api.w.org\/{rel}","templated":true}]}}