{"id":12070,"date":"2016-05-03T14:30:40","date_gmt":"2016-05-03T12:30:40","guid":{"rendered":"http:\/\/www.kpw-law.de\/?p=12070"},"modified":"2025-10-09T11:34:43","modified_gmt":"2025-10-09T09:34:43","slug":"persoenlichkeitsrechtsverletzung-bei-altmeldungen-in-online-archiven","status":"publish","type":"post","link":"https:\/\/avantcore.de\/en\/persoenlichkeitsrechtsverletzung-bei-altmeldungen-in-online-archiven\/","title":{"rendered":"Verdachtsberichterstattung im Online-Archiv?"},"content":{"rendered":"<p><strong>Die Verdachtsberichterstattung in den Medien ist immer wieder Gegenstand gerichtlicher Verfahren. Der Bundesgerichtshof musste nun die Frage entscheiden, ob Informationen \u00fcber einen Verd\u00e4chtigen, die in Online-Archiven einer Zeitung abrufbar sind, vom Verlag gel\u00f6scht werden m\u00fcssen, wenn die urspr\u00fcngliche Berichterstattung unzul\u00e4ssig war.<\/strong><\/p>\n<p><!--more--><\/p>\n<p><a href=\"https:\/\/avantcore.de\/wp-content\/uploads\/2025\/01\/rrw.png\" rel=\"attachment wp-att-2873\"><img fetchpriority=\"high\" decoding=\"async\" class=\"alignright\" src=\"https:\/\/avantcore.de\/wp-content\/uploads\/2025\/01\/rrw.png\" alt=\"Verdachtsberichterstattung\" width=\"412\" height=\"275\" \/><\/a>Eine deutsche Tageszeitung hatte in Ihrem Online-Archiv Artikel gespeichert und der \u00d6ffentlichkeit zur Verf\u00fcgung gestellt, in dem es aus aktuellem Anlass \u00fcber ein Ermittlungsverfahren der Staatsanwaltschaft wegen sexuellen Missbrauchs durch die Verabreichung von K.O.-Tropfen widerstandsunf\u00e4higer Personen gegen einen bekannten Fu\u00dfballprofi ging. Die Tageszeitung hatte in ihrem Online-Archiv nach Abschluss der Ermittlungen erg\u00e4nzt, dass das Verfahren gegen den Sportler mangels hinreichenden Tatverdachts eingestellt wurde.<\/p>\n<p>Gegen diese Verdachtsberichterstattung wehrte sich der Fu\u00dfballprofi und verlangte die Entfernung der ihn identifizierenden Berichte. Dies lehnte der Verlag mit der Begr\u00fcndung ab, die weitere Bereithaltung der ihn identifizierenden Artikel im Online-Archiv greife nicht in das allgemeine Pers\u00f6nlichkeitsrecht des Fu\u00dfballers ein, da sie urspr\u00fcnglich aus aktuellem Anlass zul\u00e4ssig war.<\/p>\n<p>Die gegen den Verlag gerichtete Unterlassungsklage wurde vom Landgericht K\u00f6ln zun\u00e4chst stattgegeben. Das Oberlandesgericht hob diese Entscheidung in der Berufungsinstanz wieder auf und wies die Unterlassungsanspr\u00fcche des Fu\u00dfballers ab.<\/p>\n<p><strong>Decision of the court<\/strong><\/p>\n<p>Der Bundesgerichtshof entschied mit Urteil vom 16.02.2016 (<a href=\"http:\/\/juris.bundesgerichtshof.de\/cgi-bin\/rechtsprechung\/document.py?Gericht=bgh&amp;Art=en&amp;nr=74175&amp;pos=0&amp;anz=1\" target=\"_blank\" rel=\"noopener\">Az. VI ZR 367\/15<\/a>), dass das Bereithalten der Verdachtsberichterstattung in Online-Archiven einen Eingriff in das allgemeine Pers\u00f6nlichkeitsrecht des Fu\u00dfballers darstellt, da mit den Berichten\u00a0 ein angebliches Fehlverhalten \u00f6ffentlich gemacht und der Sportler\u00a0 &#8211; selbst bei einer blo\u00dfen Verdachtsberichterstattung &#8211; in den Augen vieler Leser negativ behaftet bleibe.<\/p>\n<p>Bei der Abw\u00e4gung des Pers\u00f6nlichkeitsrechts zu der Meinungs- und Pressefreiheit sei es wesentlich, ob die urspr\u00fcngliche Berichterstattung rechtm\u00e4\u00dfig und zul\u00e4ssig gewesen sei.\u00a0 Dies sei hier nicht der Fall, da die blo\u00dfe Tatsache der Einleitung eines Ermittlungsverfahrens als solches noch nicht f\u00fcr die Annahme des Vorliegens eines Mindestbestands an Beweistatsachen gen\u00fcge, um eine identifizierende Berichterstattung zu erm\u00f6glichen. Dies sei bei so schwerwiegenden Vorw\u00fcrfen aber zu fordern.<\/p>\n<h2>Conclusion<\/h2>\n<p>Die Verdachtsberichterstattung\u00a0 und deren Speicherung in Online-Archiven ist nur unter strengen Voraussetzungen zul\u00e4ssig. Selbst\u00a0 wenn die Staatsanwaltschaft als privilegierte Quelle namentlich \u00fcber ein Ermittlungsverfahren berichtet, m\u00fcssen Verlage eine eigene Abw\u00e4gung vornehmen, ob sie nach den Grunds\u00e4tzen der Verdachtsberichterstattung den Namen des Beschuldigten nennen d\u00fcrfen.<\/p>","protected":false},"excerpt":{"rendered":"<p>Die Verdachtsberichterstattung in den Medien ist immer wieder Gegenstand gerichtlicher Verfahren. Der Bundesgerichtshof musste nun die Frage entscheiden, ob Informationen \u00fcber einen Verd\u00e4chtigen, die in Online-Archiven einer Zeitung abrufbar sind, vom Verlag gel\u00f6scht werden m\u00fcssen, wenn die urspr\u00fcngliche Berichterstattung unzul\u00e4ssig war.<\/p>","protected":false},"author":2,"featured_media":24106,"comment_status":"closed","ping_status":"closed","sticky":false,"template":"single-custom-blog.php","format":"standard","meta":{"footnotes":""},"categories":[3049],"tags":[966,967,104,790,527,484],"ppma_author":[3074],"class_list":["post-12070","post","type-post","status-publish","format-standard","has-post-thumbnail","hentry","category-allgemein","tag-fussballprofi","tag-online-archiv","tag-persoenlichkeitsrecht","tag-tageszeitung","tag-verdachtsberichterstattung","tag-verlag"],"authors":[{"term_id":3074,"user_id":2,"is_guest":0,"slug":"christopher","display_name":"Christopher A. Wolf, MBA","avatar_url":"https:\/\/secure.gravatar.com\/avatar\/d77b27aefd4397c799a733f749d595a8fcc78bb7c7d693f68096bc2bfc958647?s=96&d=mm&r=g","first_name":"Christopher A.","last_name":"Wolf, MBA","user_url":"","description":""}],"_links":{"self":[{"href":"https:\/\/avantcore.de\/en\/wp-json\/wp\/v2\/posts\/12070","targetHints":{"allow":["GET"]}}],"collection":[{"href":"https:\/\/avantcore.de\/en\/wp-json\/wp\/v2\/posts"}],"about":[{"href":"https:\/\/avantcore.de\/en\/wp-json\/wp\/v2\/types\/post"}],"author":[{"embeddable":true,"href":"https:\/\/avantcore.de\/en\/wp-json\/wp\/v2\/users\/2"}],"replies":[{"embeddable":true,"href":"https:\/\/avantcore.de\/en\/wp-json\/wp\/v2\/comments?post=12070"}],"version-history":[{"count":0,"href":"https:\/\/avantcore.de\/en\/wp-json\/wp\/v2\/posts\/12070\/revisions"}],"wp:featuredmedia":[{"embeddable":true,"href":"https:\/\/avantcore.de\/en\/wp-json\/wp\/v2\/media\/24106"}],"wp:attachment":[{"href":"https:\/\/avantcore.de\/en\/wp-json\/wp\/v2\/media?parent=12070"}],"wp:term":[{"taxonomy":"category","embeddable":true,"href":"https:\/\/avantcore.de\/en\/wp-json\/wp\/v2\/categories?post=12070"},{"taxonomy":"post_tag","embeddable":true,"href":"https:\/\/avantcore.de\/en\/wp-json\/wp\/v2\/tags?post=12070"},{"taxonomy":"author","embeddable":true,"href":"https:\/\/avantcore.de\/en\/wp-json\/wp\/v2\/ppma_author?post=12070"}],"curies":[{"name":"wp","href":"https:\/\/api.w.org\/{rel}","templated":true}]}}